{"id":1107,"date":"2020-04-11T12:30:50","date_gmt":"2020-04-11T11:30:50","guid":{"rendered":"https:\/\/www.vidum.cz\/?p=1107"},"modified":"2020-04-11T12:30:50","modified_gmt":"2020-04-11T11:30:50","slug":"mereni-zraku-v-ambulanci","status":"publish","type":"post","link":"https:\/\/www.vidum.cz\/index.php\/mereni-zraku-v-ambulanci\/","title":{"rendered":"M\u011b\u0159en\u00ed zraku v ambulanci"},"content":{"rendered":"<p>Ka\u017ed\u00e9 vy\u0161et\u0159en\u00ed objedn\u00e1v\u00e1me na p\u0159esn\u00fd \u010das a rezervujeme\u00a0<strong>60 minut<\/strong> s p\u0159est\u00e1vkou ve vy\u0161et\u0159ovn\u011b tak, aby byl dostatek prostoru na <strong>kompletn\u00ed dezinfekci v\u0161ech povrch\u016f, vy\u0161et\u0159ovac\u00edch pom\u016fcek\u00a0 a v\u00fdm\u011bnu vzduchu<\/strong>\u00a0.<\/p>\n<p>Pacient m\u00e1 <strong>po celo dobu vy\u0161et\u0159en\u00ed<\/strong> na obli\u010deji rou\u0161ku a po p\u0159\u00edchodu si na ruce nanese desinfekci.<\/p>\n<p>Optometrista po celou dobu vy\u0161et\u0159en\u00ed pou\u017e\u00edv\u00e1\u00a0<strong>rou\u0161ku<\/strong>\u00a0na p\u0159ekryt\u00ed nosu a \u00fast,\u00a0p\u0159\u00edpadn\u011b <strong>plastov\u00fd ochrann\u00fd \u0161t\u00edt<\/strong>\u00a0a jednor\u00e1zov\u00e9\u00a0<strong>gumov\u00e9 rukavice<\/strong>\u00a0.<\/p>\n","protected":false},"excerpt":{"rendered":"<p>Ka\u017ed\u00e9 vy\u0161et\u0159en\u00ed objedn\u00e1v\u00e1me na p\u0159esn\u00fd \u010das a rezervujeme\u00a060 minut s p\u0159est\u00e1vkou ve vy\u0161et\u0159ovn\u011b tak, aby byl dostatek prostoru na kompletn\u00ed dezinfekci v\u0161ech povrch\u016f, vy\u0161et\u0159ovac\u00edch pom\u016fcek\u00a0 a v\u00fdm\u011bnu vzduchu\u00a0. Pacient m\u00e1 po celo dobu vy\u0161et\u0159en\u00ed na obli\u010deji rou\u0161ku a po p\u0159\u00edchodu si na ruce nanese desinfekci. Optometrista po celou dobu vy\u0161et\u0159en\u00ed pou\u017e\u00edv\u00e1\u00a0rou\u0161ku\u00a0na p\u0159ekryt\u00ed nosu a \u00fast,\u00a0p\u0159\u00edpadn\u011b [&hellip;]<\/p>\n","protected":false},"author":1,"featured_media":0,"comment_status":"closed","ping_status":"closed","sticky":false,"template":"","format":"standard","meta":{"_monsterinsights_skip_tracking":false,"_monsterinsights_sitenote_active":false,"_monsterinsights_sitenote_note":"","_monsterinsights_sitenote_category":0,"footnotes":""},"categories":[17],"tags":[],"class_list":["post-1107","post","type-post","status-publish","format-standard","hentry","category-aktualni-informace"],"yoast_head":"<!-- This site is optimized with the Yoast SEO plugin v27.3 - https:\/\/yoast.com\/product\/yoast-seo-wordpress\/ -->\n<title>M\u011b\u0159en\u00ed zraku v ambulanci - Vidum<\/title>\n<meta name=\"robots\" content=\"index, follow, max-snippet:-1, max-image-preview:large, max-video-preview:-1\" \/>\n<link rel=\"canonical\" href=\"https:\/\/www.vidum.cz\/index.php\/mereni-zraku-v-ambulanci\/\" \/>\n<meta property=\"og:locale\" content=\"cs_CZ\" \/>\n<meta property=\"og:type\" content=\"article\" \/>\n<meta property=\"og:title\" content=\"M\u011b\u0159en\u00ed zraku v ambulanci - Vidum\" \/>\n<meta property=\"og:url\" content=\"https:\/\/www.vidum.cz\/index.php\/mereni-zraku-v-ambulanci\/\" \/>\n<meta property=\"og:site_name\" content=\"Vidum\" \/>\n<meta property=\"article:published_time\" content=\"2020-04-11T11:30:50+00:00\" \/>\n<meta name=\"author\" content=\"vidum\" \/>\n<meta name=\"twitter:label1\" content=\"Napsal(a)\" \/>\n\t<meta name=\"twitter:data1\" content=\"vidum\" \/>\n<script type=\"application\/ld+json\" class=\"yoast-schema-graph\">{\"@context\":\"https:\\\/\\\/schema.org\",\"@graph\":[{\"@type\":\"Article\",\"@id\":\"https:\\\/\\\/www.vidum.cz\\\/index.php\\\/mereni-zraku-v-ambulanci\\\/#article\",\"isPartOf\":{\"@id\":\"https:\\\/\\\/www.vidum.cz\\\/index.php\\\/mereni-zraku-v-ambulanci\\\/\"},\"author\":{\"name\":\"vidum\",\"@id\":\"https:\\\/\\\/www.vidum.cz\\\/#\\\/schema\\\/person\\\/8901cb96454b4eadd34e3b27bbc92531\"},\"headline\":\"M\u011b\u0159en\u00ed zraku v ambulanci\",\"datePublished\":\"2020-04-11T11:30:50+00:00\",\"mainEntityOfPage\":{\"@id\":\"https:\\\/\\\/www.vidum.cz\\\/index.php\\\/mereni-zraku-v-ambulanci\\\/\"},\"wordCount\":100,\"articleSection\":[\"Aktu\u00e1ln\u00ed informace\"],\"inLanguage\":\"cs\"},{\"@type\":\"WebPage\",\"@id\":\"https:\\\/\\\/www.vidum.cz\\\/index.php\\\/mereni-zraku-v-ambulanci\\\/\",\"url\":\"https:\\\/\\\/www.vidum.cz\\\/index.php\\\/mereni-zraku-v-ambulanci\\\/\",\"name\":\"M\u011b\u0159en\u00ed zraku v ambulanci - Vidum\",\"isPartOf\":{\"@id\":\"https:\\\/\\\/www.vidum.cz\\\/#website\"},\"datePublished\":\"2020-04-11T11:30:50+00:00\",\"author\":{\"@id\":\"https:\\\/\\\/www.vidum.cz\\\/#\\\/schema\\\/person\\\/8901cb96454b4eadd34e3b27bbc92531\"},\"breadcrumb\":{\"@id\":\"https:\\\/\\\/www.vidum.cz\\\/index.php\\\/mereni-zraku-v-ambulanci\\\/#breadcrumb\"},\"inLanguage\":\"cs\",\"potentialAction\":[{\"@type\":\"ReadAction\",\"target\":[\"https:\\\/\\\/www.vidum.cz\\\/index.php\\\/mereni-zraku-v-ambulanci\\\/\"]}]},{\"@type\":\"BreadcrumbList\",\"@id\":\"https:\\\/\\\/www.vidum.cz\\\/index.php\\\/mereni-zraku-v-ambulanci\\\/#breadcrumb\",\"itemListElement\":[{\"@type\":\"ListItem\",\"position\":1,\"name\":\"Dom\u016f\",\"item\":\"https:\\\/\\\/www.vidum.cz\\\/\"},{\"@type\":\"ListItem\",\"position\":2,\"name\":\"M\u011b\u0159en\u00ed zraku v ambulanci\"}]},{\"@type\":\"WebSite\",\"@id\":\"https:\\\/\\\/www.vidum.cz\\\/#website\",\"url\":\"https:\\\/\\\/www.vidum.cz\\\/\",\"name\":\"Vidum\",\"description\":\"O\u010dn\u00ed centrum Vidum\",\"potentialAction\":[{\"@type\":\"SearchAction\",\"target\":{\"@type\":\"EntryPoint\",\"urlTemplate\":\"https:\\\/\\\/www.vidum.cz\\\/?s={search_term_string}\"},\"query-input\":{\"@type\":\"PropertyValueSpecification\",\"valueRequired\":true,\"valueName\":\"search_term_string\"}}],\"inLanguage\":\"cs\"},{\"@type\":\"Person\",\"@id\":\"https:\\\/\\\/www.vidum.cz\\\/#\\\/schema\\\/person\\\/8901cb96454b4eadd34e3b27bbc92531\",\"name\":\"vidum\",\"image\":{\"@type\":\"ImageObject\",\"inLanguage\":\"cs\",\"@id\":\"https:\\\/\\\/secure.gravatar.com\\\/avatar\\\/912a82fff0e5e533056e2eb15581c261dbd9052d537e28771245cf162b9cdb88?s=96&d=mm&r=g\",\"url\":\"https:\\\/\\\/secure.gravatar.com\\\/avatar\\\/912a82fff0e5e533056e2eb15581c261dbd9052d537e28771245cf162b9cdb88?s=96&d=mm&r=g\",\"contentUrl\":\"https:\\\/\\\/secure.gravatar.com\\\/avatar\\\/912a82fff0e5e533056e2eb15581c261dbd9052d537e28771245cf162b9cdb88?s=96&d=mm&r=g\",\"caption\":\"vidum\"},\"url\":\"https:\\\/\\\/www.vidum.cz\\\/index.php\\\/author\\\/test\\\/\"}]}<\/script>\n<!-- \/ Yoast SEO plugin. -->","yoast_head_json":{"title":"M\u011b\u0159en\u00ed zraku v ambulanci - Vidum","robots":{"index":"index","follow":"follow","max-snippet":"max-snippet:-1","max-image-preview":"max-image-preview:large","max-video-preview":"max-video-preview:-1"},"canonical":"https:\/\/www.vidum.cz\/index.php\/mereni-zraku-v-ambulanci\/","og_locale":"cs_CZ","og_type":"article","og_title":"M\u011b\u0159en\u00ed zraku v ambulanci - Vidum","og_url":"https:\/\/www.vidum.cz\/index.php\/mereni-zraku-v-ambulanci\/","og_site_name":"Vidum","article_published_time":"2020-04-11T11:30:50+00:00","author":"vidum","twitter_misc":{"Napsal(a)":"vidum"},"schema":{"@context":"https:\/\/schema.org","@graph":[{"@type":"Article","@id":"https:\/\/www.vidum.cz\/index.php\/mereni-zraku-v-ambulanci\/#article","isPartOf":{"@id":"https:\/\/www.vidum.cz\/index.php\/mereni-zraku-v-ambulanci\/"},"author":{"name":"vidum","@id":"https:\/\/www.vidum.cz\/#\/schema\/person\/8901cb96454b4eadd34e3b27bbc92531"},"headline":"M\u011b\u0159en\u00ed zraku v ambulanci","datePublished":"2020-04-11T11:30:50+00:00","mainEntityOfPage":{"@id":"https:\/\/www.vidum.cz\/index.php\/mereni-zraku-v-ambulanci\/"},"wordCount":100,"articleSection":["Aktu\u00e1ln\u00ed informace"],"inLanguage":"cs"},{"@type":"WebPage","@id":"https:\/\/www.vidum.cz\/index.php\/mereni-zraku-v-ambulanci\/","url":"https:\/\/www.vidum.cz\/index.php\/mereni-zraku-v-ambulanci\/","name":"M\u011b\u0159en\u00ed zraku v ambulanci - Vidum","isPartOf":{"@id":"https:\/\/www.vidum.cz\/#website"},"datePublished":"2020-04-11T11:30:50+00:00","author":{"@id":"https:\/\/www.vidum.cz\/#\/schema\/person\/8901cb96454b4eadd34e3b27bbc92531"},"breadcrumb":{"@id":"https:\/\/www.vidum.cz\/index.php\/mereni-zraku-v-ambulanci\/#breadcrumb"},"inLanguage":"cs","potentialAction":[{"@type":"ReadAction","target":["https:\/\/www.vidum.cz\/index.php\/mereni-zraku-v-ambulanci\/"]}]},{"@type":"BreadcrumbList","@id":"https:\/\/www.vidum.cz\/index.php\/mereni-zraku-v-ambulanci\/#breadcrumb","itemListElement":[{"@type":"ListItem","position":1,"name":"Dom\u016f","item":"https:\/\/www.vidum.cz\/"},{"@type":"ListItem","position":2,"name":"M\u011b\u0159en\u00ed zraku v ambulanci"}]},{"@type":"WebSite","@id":"https:\/\/www.vidum.cz\/#website","url":"https:\/\/www.vidum.cz\/","name":"Vidum","description":"O\u010dn\u00ed centrum Vidum","potentialAction":[{"@type":"SearchAction","target":{"@type":"EntryPoint","urlTemplate":"https:\/\/www.vidum.cz\/?s={search_term_string}"},"query-input":{"@type":"PropertyValueSpecification","valueRequired":true,"valueName":"search_term_string"}}],"inLanguage":"cs"},{"@type":"Person","@id":"https:\/\/www.vidum.cz\/#\/schema\/person\/8901cb96454b4eadd34e3b27bbc92531","name":"vidum","image":{"@type":"ImageObject","inLanguage":"cs","@id":"https:\/\/secure.gravatar.com\/avatar\/912a82fff0e5e533056e2eb15581c261dbd9052d537e28771245cf162b9cdb88?s=96&d=mm&r=g","url":"https:\/\/secure.gravatar.com\/avatar\/912a82fff0e5e533056e2eb15581c261dbd9052d537e28771245cf162b9cdb88?s=96&d=mm&r=g","contentUrl":"https:\/\/secure.gravatar.com\/avatar\/912a82fff0e5e533056e2eb15581c261dbd9052d537e28771245cf162b9cdb88?s=96&d=mm&r=g","caption":"vidum"},"url":"https:\/\/www.vidum.cz\/index.php\/author\/test\/"}]}},"_links":{"self":[{"href":"https:\/\/www.vidum.cz\/index.php\/wp-json\/wp\/v2\/posts\/1107","targetHints":{"allow":["GET"]}}],"collection":[{"href":"https:\/\/www.vidum.cz\/index.php\/wp-json\/wp\/v2\/posts"}],"about":[{"href":"https:\/\/www.vidum.cz\/index.php\/wp-json\/wp\/v2\/types\/post"}],"author":[{"embeddable":true,"href":"https:\/\/www.vidum.cz\/index.php\/wp-json\/wp\/v2\/users\/1"}],"replies":[{"embeddable":true,"href":"https:\/\/www.vidum.cz\/index.php\/wp-json\/wp\/v2\/comments?post=1107"}],"version-history":[{"count":1,"href":"https:\/\/www.vidum.cz\/index.php\/wp-json\/wp\/v2\/posts\/1107\/revisions"}],"predecessor-version":[{"id":1108,"href":"https:\/\/www.vidum.cz\/index.php\/wp-json\/wp\/v2\/posts\/1107\/revisions\/1108"}],"wp:attachment":[{"href":"https:\/\/www.vidum.cz\/index.php\/wp-json\/wp\/v2\/media?parent=1107"}],"wp:term":[{"taxonomy":"category","embeddable":true,"href":"https:\/\/www.vidum.cz\/index.php\/wp-json\/wp\/v2\/categories?post=1107"},{"taxonomy":"post_tag","embeddable":true,"href":"https:\/\/www.vidum.cz\/index.php\/wp-json\/wp\/v2\/tags?post=1107"}],"curies":[{"name":"wp","href":"https:\/\/api.w.org\/{rel}","templated":true}]}}