{"id":1186,"date":"2020-04-19T16:55:46","date_gmt":"2020-04-19T15:55:46","guid":{"rendered":"https:\/\/www.vidum.cz\/?p=1186"},"modified":"2021-02-02T16:42:28","modified_gmt":"2021-02-02T15:42:28","slug":"mimoradna-oteviraci-doba","status":"publish","type":"post","link":"https:\/\/www.vidum.cz\/index.php\/mimoradna-oteviraci-doba\/","title":{"rendered":"<span style=\"color: red\">Mimo\u0159\u00e1dn\u00e1 otev\u00edrac\u00ed doba<\/span>"},"content":{"rendered":"<h4>V\u00e1\u017een\u00ed z\u00e1kazn\u00edci,<\/h4>\n<h4><strong>v\u0161echny ordinace funguj\u00ed.<\/strong><\/h4>\n<h4><strong>Provoz o\u010dn\u00ed optiky<\/strong> je st\u00e1le s omezenou otev\u00edrac\u00ed dobou do <strong>17 hod<\/strong>, v sobotu je zav\u0159eno.<\/h4>\n<h4><strong>Objedn\u00e1vky<\/strong> pro pravidelnou v\u00fdm\u011bnu kontaktn\u00edch \u010do\u010dek <strong>volejte<\/strong> v provozn\u00ed dob\u011b <strong>na tel. 736 617 287 nebo 553 611 189<\/strong>, m\u016f\u017eete tak\u00e9 pos\u00edlat na email optika@vidum.cz.<\/h4>\n<h4>Sledujte pros\u00edm aktu\u00e1ln\u00ed informace na FB \u201eO\u010dn\u00ed centrum a optika Vidum\u201c a na www.vidum.cz tak\u00e9 v z\u00e1lo\u017ece AKTUALITY .<\/h4>\n<h4>D\u011bkujeme za pochopen\u00ed. Radim Prymus, jednatel<\/h4>\n","protected":false},"excerpt":{"rendered":"<p>V\u00e1\u017een\u00ed z\u00e1kazn\u00edci, v\u0161echny ordinace funguj\u00ed. Provoz o\u010dn\u00ed optiky je st\u00e1le s omezenou otev\u00edrac\u00ed dobou do 17 hod, v sobotu je zav\u0159eno. Objedn\u00e1vky pro pravidelnou v\u00fdm\u011bnu kontaktn\u00edch \u010do\u010dek volejte v provozn\u00ed dob\u011b na tel. 736 617 287 nebo 553 611 189, m\u016f\u017eete tak\u00e9 pos\u00edlat na email optika@vidum.cz. Sledujte pros\u00edm aktu\u00e1ln\u00ed informace na FB \u201eO\u010dn\u00ed centrum a [&hellip;]<\/p>\n","protected":false},"author":3,"featured_media":0,"comment_status":"closed","ping_status":"closed","sticky":false,"template":"","format":"standard","meta":{"_monsterinsights_skip_tracking":false,"_monsterinsights_sitenote_active":false,"_monsterinsights_sitenote_note":"","_monsterinsights_sitenote_category":0,"footnotes":""},"categories":[17],"tags":[],"class_list":["post-1186","post","type-post","status-publish","format-standard","hentry","category-aktualni-informace"],"yoast_head":"<!-- This site is optimized with the Yoast SEO plugin v27.3 - https:\/\/yoast.com\/product\/yoast-seo-wordpress\/ -->\n<title>Mimo\u0159\u00e1dn\u00e1 otev\u00edrac\u00ed doba - Vidum<\/title>\n<meta name=\"robots\" content=\"index, follow, max-snippet:-1, max-image-preview:large, max-video-preview:-1\" \/>\n<link rel=\"canonical\" href=\"https:\/\/www.vidum.cz\/index.php\/mimoradna-oteviraci-doba\/\" \/>\n<meta property=\"og:locale\" content=\"cs_CZ\" \/>\n<meta property=\"og:type\" content=\"article\" \/>\n<meta property=\"og:title\" content=\"Mimo\u0159\u00e1dn\u00e1 otev\u00edrac\u00ed doba - Vidum\" \/>\n<meta property=\"og:url\" content=\"https:\/\/www.vidum.cz\/index.php\/mimoradna-oteviraci-doba\/\" \/>\n<meta property=\"og:site_name\" content=\"Vidum\" \/>\n<meta property=\"article:published_time\" content=\"2020-04-19T15:55:46+00:00\" \/>\n<meta property=\"article:modified_time\" content=\"2021-02-02T15:42:28+00:00\" \/>\n<meta name=\"author\" content=\"Vidum marketing\" \/>\n<meta name=\"twitter:label1\" content=\"Napsal(a)\" \/>\n\t<meta name=\"twitter:data1\" content=\"Vidum marketing\" \/>\n<script type=\"application\/ld+json\" class=\"yoast-schema-graph\">{\"@context\":\"https:\\\/\\\/schema.org\",\"@graph\":[{\"@type\":\"Article\",\"@id\":\"https:\\\/\\\/www.vidum.cz\\\/index.php\\\/mimoradna-oteviraci-doba\\\/#article\",\"isPartOf\":{\"@id\":\"https:\\\/\\\/www.vidum.cz\\\/index.php\\\/mimoradna-oteviraci-doba\\\/\"},\"author\":{\"name\":\"Vidum marketing\",\"@id\":\"https:\\\/\\\/www.vidum.cz\\\/#\\\/schema\\\/person\\\/5f296e82367bea62e6ff22a15dc74185\"},\"headline\":\"Mimo\u0159\u00e1dn\u00e1 otev\u00edrac\u00ed doba\",\"datePublished\":\"2020-04-19T15:55:46+00:00\",\"dateModified\":\"2021-02-02T15:42:28+00:00\",\"mainEntityOfPage\":{\"@id\":\"https:\\\/\\\/www.vidum.cz\\\/index.php\\\/mimoradna-oteviraci-doba\\\/\"},\"wordCount\":93,\"articleSection\":[\"Aktu\u00e1ln\u00ed informace\"],\"inLanguage\":\"cs\"},{\"@type\":\"WebPage\",\"@id\":\"https:\\\/\\\/www.vidum.cz\\\/index.php\\\/mimoradna-oteviraci-doba\\\/\",\"url\":\"https:\\\/\\\/www.vidum.cz\\\/index.php\\\/mimoradna-oteviraci-doba\\\/\",\"name\":\"Mimo\u0159\u00e1dn\u00e1 otev\u00edrac\u00ed doba - Vidum\",\"isPartOf\":{\"@id\":\"https:\\\/\\\/www.vidum.cz\\\/#website\"},\"datePublished\":\"2020-04-19T15:55:46+00:00\",\"dateModified\":\"2021-02-02T15:42:28+00:00\",\"author\":{\"@id\":\"https:\\\/\\\/www.vidum.cz\\\/#\\\/schema\\\/person\\\/5f296e82367bea62e6ff22a15dc74185\"},\"breadcrumb\":{\"@id\":\"https:\\\/\\\/www.vidum.cz\\\/index.php\\\/mimoradna-oteviraci-doba\\\/#breadcrumb\"},\"inLanguage\":\"cs\",\"potentialAction\":[{\"@type\":\"ReadAction\",\"target\":[\"https:\\\/\\\/www.vidum.cz\\\/index.php\\\/mimoradna-oteviraci-doba\\\/\"]}]},{\"@type\":\"BreadcrumbList\",\"@id\":\"https:\\\/\\\/www.vidum.cz\\\/index.php\\\/mimoradna-oteviraci-doba\\\/#breadcrumb\",\"itemListElement\":[{\"@type\":\"ListItem\",\"position\":1,\"name\":\"Dom\u016f\",\"item\":\"https:\\\/\\\/www.vidum.cz\\\/\"},{\"@type\":\"ListItem\",\"position\":2,\"name\":\"Mimo\u0159\u00e1dn\u00e1 otev\u00edrac\u00ed doba\"}]},{\"@type\":\"WebSite\",\"@id\":\"https:\\\/\\\/www.vidum.cz\\\/#website\",\"url\":\"https:\\\/\\\/www.vidum.cz\\\/\",\"name\":\"Vidum\",\"description\":\"O\u010dn\u00ed centrum Vidum\",\"potentialAction\":[{\"@type\":\"SearchAction\",\"target\":{\"@type\":\"EntryPoint\",\"urlTemplate\":\"https:\\\/\\\/www.vidum.cz\\\/?s={search_term_string}\"},\"query-input\":{\"@type\":\"PropertyValueSpecification\",\"valueRequired\":true,\"valueName\":\"search_term_string\"}}],\"inLanguage\":\"cs\"},{\"@type\":\"Person\",\"@id\":\"https:\\\/\\\/www.vidum.cz\\\/#\\\/schema\\\/person\\\/5f296e82367bea62e6ff22a15dc74185\",\"name\":\"Vidum marketing\",\"image\":{\"@type\":\"ImageObject\",\"inLanguage\":\"cs\",\"@id\":\"https:\\\/\\\/secure.gravatar.com\\\/avatar\\\/522b3c6ba5142eb73df2c88a7ce62ae22afcb893a0afc8c3770c6b03e2220fe2?s=96&d=mm&r=g\",\"url\":\"https:\\\/\\\/secure.gravatar.com\\\/avatar\\\/522b3c6ba5142eb73df2c88a7ce62ae22afcb893a0afc8c3770c6b03e2220fe2?s=96&d=mm&r=g\",\"contentUrl\":\"https:\\\/\\\/secure.gravatar.com\\\/avatar\\\/522b3c6ba5142eb73df2c88a7ce62ae22afcb893a0afc8c3770c6b03e2220fe2?s=96&d=mm&r=g\",\"caption\":\"Vidum marketing\"},\"sameAs\":[\"http:\\\/\\\/www.optikpartner.cz\"],\"url\":\"https:\\\/\\\/www.vidum.cz\\\/index.php\\\/author\\\/optik-partner\\\/\"}]}<\/script>\n<!-- \/ Yoast SEO plugin. -->","yoast_head_json":{"title":"Mimo\u0159\u00e1dn\u00e1 otev\u00edrac\u00ed doba - Vidum","robots":{"index":"index","follow":"follow","max-snippet":"max-snippet:-1","max-image-preview":"max-image-preview:large","max-video-preview":"max-video-preview:-1"},"canonical":"https:\/\/www.vidum.cz\/index.php\/mimoradna-oteviraci-doba\/","og_locale":"cs_CZ","og_type":"article","og_title":"Mimo\u0159\u00e1dn\u00e1 otev\u00edrac\u00ed doba - Vidum","og_url":"https:\/\/www.vidum.cz\/index.php\/mimoradna-oteviraci-doba\/","og_site_name":"Vidum","article_published_time":"2020-04-19T15:55:46+00:00","article_modified_time":"2021-02-02T15:42:28+00:00","author":"Vidum marketing","twitter_misc":{"Napsal(a)":"Vidum marketing"},"schema":{"@context":"https:\/\/schema.org","@graph":[{"@type":"Article","@id":"https:\/\/www.vidum.cz\/index.php\/mimoradna-oteviraci-doba\/#article","isPartOf":{"@id":"https:\/\/www.vidum.cz\/index.php\/mimoradna-oteviraci-doba\/"},"author":{"name":"Vidum marketing","@id":"https:\/\/www.vidum.cz\/#\/schema\/person\/5f296e82367bea62e6ff22a15dc74185"},"headline":"Mimo\u0159\u00e1dn\u00e1 otev\u00edrac\u00ed doba","datePublished":"2020-04-19T15:55:46+00:00","dateModified":"2021-02-02T15:42:28+00:00","mainEntityOfPage":{"@id":"https:\/\/www.vidum.cz\/index.php\/mimoradna-oteviraci-doba\/"},"wordCount":93,"articleSection":["Aktu\u00e1ln\u00ed informace"],"inLanguage":"cs"},{"@type":"WebPage","@id":"https:\/\/www.vidum.cz\/index.php\/mimoradna-oteviraci-doba\/","url":"https:\/\/www.vidum.cz\/index.php\/mimoradna-oteviraci-doba\/","name":"Mimo\u0159\u00e1dn\u00e1 otev\u00edrac\u00ed doba - Vidum","isPartOf":{"@id":"https:\/\/www.vidum.cz\/#website"},"datePublished":"2020-04-19T15:55:46+00:00","dateModified":"2021-02-02T15:42:28+00:00","author":{"@id":"https:\/\/www.vidum.cz\/#\/schema\/person\/5f296e82367bea62e6ff22a15dc74185"},"breadcrumb":{"@id":"https:\/\/www.vidum.cz\/index.php\/mimoradna-oteviraci-doba\/#breadcrumb"},"inLanguage":"cs","potentialAction":[{"@type":"ReadAction","target":["https:\/\/www.vidum.cz\/index.php\/mimoradna-oteviraci-doba\/"]}]},{"@type":"BreadcrumbList","@id":"https:\/\/www.vidum.cz\/index.php\/mimoradna-oteviraci-doba\/#breadcrumb","itemListElement":[{"@type":"ListItem","position":1,"name":"Dom\u016f","item":"https:\/\/www.vidum.cz\/"},{"@type":"ListItem","position":2,"name":"Mimo\u0159\u00e1dn\u00e1 otev\u00edrac\u00ed doba"}]},{"@type":"WebSite","@id":"https:\/\/www.vidum.cz\/#website","url":"https:\/\/www.vidum.cz\/","name":"Vidum","description":"O\u010dn\u00ed centrum Vidum","potentialAction":[{"@type":"SearchAction","target":{"@type":"EntryPoint","urlTemplate":"https:\/\/www.vidum.cz\/?s={search_term_string}"},"query-input":{"@type":"PropertyValueSpecification","valueRequired":true,"valueName":"search_term_string"}}],"inLanguage":"cs"},{"@type":"Person","@id":"https:\/\/www.vidum.cz\/#\/schema\/person\/5f296e82367bea62e6ff22a15dc74185","name":"Vidum marketing","image":{"@type":"ImageObject","inLanguage":"cs","@id":"https:\/\/secure.gravatar.com\/avatar\/522b3c6ba5142eb73df2c88a7ce62ae22afcb893a0afc8c3770c6b03e2220fe2?s=96&d=mm&r=g","url":"https:\/\/secure.gravatar.com\/avatar\/522b3c6ba5142eb73df2c88a7ce62ae22afcb893a0afc8c3770c6b03e2220fe2?s=96&d=mm&r=g","contentUrl":"https:\/\/secure.gravatar.com\/avatar\/522b3c6ba5142eb73df2c88a7ce62ae22afcb893a0afc8c3770c6b03e2220fe2?s=96&d=mm&r=g","caption":"Vidum marketing"},"sameAs":["http:\/\/www.optikpartner.cz"],"url":"https:\/\/www.vidum.cz\/index.php\/author\/optik-partner\/"}]}},"_links":{"self":[{"href":"https:\/\/www.vidum.cz\/index.php\/wp-json\/wp\/v2\/posts\/1186","targetHints":{"allow":["GET"]}}],"collection":[{"href":"https:\/\/www.vidum.cz\/index.php\/wp-json\/wp\/v2\/posts"}],"about":[{"href":"https:\/\/www.vidum.cz\/index.php\/wp-json\/wp\/v2\/types\/post"}],"author":[{"embeddable":true,"href":"https:\/\/www.vidum.cz\/index.php\/wp-json\/wp\/v2\/users\/3"}],"replies":[{"embeddable":true,"href":"https:\/\/www.vidum.cz\/index.php\/wp-json\/wp\/v2\/comments?post=1186"}],"version-history":[{"count":8,"href":"https:\/\/www.vidum.cz\/index.php\/wp-json\/wp\/v2\/posts\/1186\/revisions"}],"predecessor-version":[{"id":1263,"href":"https:\/\/www.vidum.cz\/index.php\/wp-json\/wp\/v2\/posts\/1186\/revisions\/1263"}],"wp:attachment":[{"href":"https:\/\/www.vidum.cz\/index.php\/wp-json\/wp\/v2\/media?parent=1186"}],"wp:term":[{"taxonomy":"category","embeddable":true,"href":"https:\/\/www.vidum.cz\/index.php\/wp-json\/wp\/v2\/categories?post=1186"},{"taxonomy":"post_tag","embeddable":true,"href":"https:\/\/www.vidum.cz\/index.php\/wp-json\/wp\/v2\/tags?post=1186"}],"curies":[{"name":"wp","href":"https:\/\/api.w.org\/{rel}","templated":true}]}}