{"id":18,"date":"2014-10-03T19:59:44","date_gmt":"2014-10-03T19:59:44","guid":{"rendered":"\/?p=18"},"modified":"2018-06-15T09:06:34","modified_gmt":"2018-06-15T08:06:34","slug":"blog-with-image","status":"publish","type":"post","link":"https:\/\/www.vidum.cz\/index.php\/blog-with-image\/","title":{"rendered":"Optika Roku 2014"},"content":{"rendered":"<div class=\"wpb-content-wrapper\"><p>[vc_row][vc_column][vc_column_text]<strong>D\u00edky hlasov\u00e1n\u00ed na\u0161ich spokojen\u00fdch z\u00e1kazn\u00edk\u016f v celorepublikov\u00e9 anket\u011b jsme z\u00edskali ocen\u011bn\u00ed OPTIKA ROKU 2014. Hlavn\u00ed my\u0161lenkou t\u00e9to ankety v\u0161ak byla sb\u00edrka finan\u010dn\u00ed pomoci pro St\u0159edisko v\u00fdcviku vodic\u00edch ps\u016f v Jinonic\u00edch, konkr\u00e9tn\u011b pak pro pejska jm\u00e9nem Harrry, jeho\u017e kompletn\u00ed v\u00fdcvik a\u017e po p\u0159ed\u00e1n\u00ed nevidom\u00e9mu u\u017eivateli stoj\u00ed 250.000,- K\u010d. Na\u0161e optika krom\u011b jednotliv\u00fdch p\u0159\u00edsp\u011bvk\u016f na\u0161ich z\u00e1kazn\u00edk\u016f formou SMS poskytla pro Harryho \u010d\u00e1stku 5.000,- K\u010d.<\/strong><\/p>\n<p><strong>Za pejsky d\u011bkujeme za Va\u0161\u00ed podporu<\/strong><\/p>\n<p>[\/vc_column_text][\/vc_column][\/vc_row][vc_row][vc_column width=&#8220;1\/3&#8243;][\/vc_column][vc_column width=&#8220;1\/3&#8243;][vc_single_image image=&#8220;547&#8243; img_link_target=&#8220;_self&#8220; img_size=&#8220;http:\/\/www.vidum.cz\/wp-content\/uploads\/2014\/10\/kup.jpg&#8220;][\/vc_column][vc_column width=&#8220;1\/3&#8243;][\/vc_column][\/vc_row][vc_row][vc_column width=&#8220;1\/1&#8243;][vc_separator][\/vc_column][\/vc_row]<\/p>\n<\/div>","protected":false},"excerpt":{"rendered":"<p>[vc_row][vc_column][vc_column_text]D\u00edky hlasov\u00e1n\u00ed na\u0161ich spokojen\u00fdch z\u00e1kazn\u00edk\u016f v celorepublikov\u00e9 anket\u011b jsme z\u00edskali ocen\u011bn\u00ed OPTIKA ROKU 2014. Hlavn\u00ed my\u0161lenkou t\u00e9to ankety v\u0161ak byla sb\u00edrka finan\u010dn\u00ed pomoci pro St\u0159edisko v\u00fdcviku vodic\u00edch ps\u016f v Jinonic\u00edch, konkr\u00e9tn\u011b pak pro pejska jm\u00e9nem Harrry, jeho\u017e kompletn\u00ed v\u00fdcvik a\u017e po p\u0159ed\u00e1n\u00ed nevidom\u00e9mu u\u017eivateli stoj\u00ed 250.000,- K\u010d. Na\u0161e optika krom\u011b jednotliv\u00fdch p\u0159\u00edsp\u011bvk\u016f na\u0161ich z\u00e1kazn\u00edk\u016f formou [&hellip;]<\/p>\n","protected":false},"author":1,"featured_media":152,"comment_status":"open","ping_status":"open","sticky":false,"template":"","format":"standard","meta":{"_monsterinsights_skip_tracking":false,"_monsterinsights_sitenote_active":false,"_monsterinsights_sitenote_note":"","_monsterinsights_sitenote_category":0,"footnotes":""},"categories":[14],"tags":[],"class_list":["post-18","post","type-post","status-publish","format-standard","has-post-thumbnail","hentry","category-novinky"],"yoast_head":"<!-- This site is optimized with the Yoast SEO plugin v27.3 - https:\/\/yoast.com\/product\/yoast-seo-wordpress\/ -->\n<title>Optika Roku 2014 | O\u010dn\u00ed Centrum Vidum, Opava<\/title>\n<meta name=\"description\" content=\"D\u00edky hlasov\u00e1n\u00ed na\u0161ich spokojen\u00fdch z\u00e1kazn\u00edk\u016f v celorepublikov\u00e9 anket\u011b jsme z\u00edskali ocen\u011bn\u00ed OPTIKA ROKU 2014. P\u0159e\u010dt\u011bte si v\u00edce na na\u0161ich str\u00e1nk\u00e1ch.\" \/>\n<meta name=\"robots\" content=\"index, follow, max-snippet:-1, max-image-preview:large, max-video-preview:-1\" \/>\n<link rel=\"canonical\" href=\"https:\/\/www.vidum.cz\/index.php\/blog-with-image\/\" \/>\n<meta property=\"og:locale\" content=\"cs_CZ\" \/>\n<meta property=\"og:type\" content=\"article\" \/>\n<meta property=\"og:title\" content=\"Optika Roku 2014 | O\u010dn\u00ed Centrum Vidum, Opava\" \/>\n<meta property=\"og:description\" content=\"D\u00edky hlasov\u00e1n\u00ed na\u0161ich spokojen\u00fdch z\u00e1kazn\u00edk\u016f v celorepublikov\u00e9 anket\u011b jsme z\u00edskali ocen\u011bn\u00ed OPTIKA ROKU 2014. P\u0159e\u010dt\u011bte si v\u00edce na na\u0161ich str\u00e1nk\u00e1ch.\" \/>\n<meta property=\"og:url\" content=\"https:\/\/www.vidum.cz\/index.php\/blog-with-image\/\" \/>\n<meta property=\"og:site_name\" content=\"Vidum\" \/>\n<meta property=\"article:published_time\" content=\"2014-10-03T19:59:44+00:00\" \/>\n<meta property=\"article:modified_time\" content=\"2018-06-15T08:06:34+00:00\" \/>\n<meta property=\"og:image\" content=\"https:\/\/www.vidum.cz\/wp-content\/uploads\/2014\/09\/img00041.jpg\" \/>\n\t<meta property=\"og:image:width\" content=\"800\" \/>\n\t<meta property=\"og:image:height\" content=\"534\" \/>\n\t<meta property=\"og:image:type\" content=\"image\/jpeg\" \/>\n<meta name=\"author\" content=\"vidum\" \/>\n<meta name=\"twitter:label1\" content=\"Napsal(a)\" \/>\n\t<meta name=\"twitter:data1\" content=\"vidum\" \/>\n\t<meta name=\"twitter:label2\" content=\"Odhadovan\u00e1 doba \u010dten\u00ed\" \/>\n\t<meta name=\"twitter:data2\" content=\"1 minuta\" \/>\n<script type=\"application\/ld+json\" class=\"yoast-schema-graph\">{\"@context\":\"https:\\\/\\\/schema.org\",\"@graph\":[{\"@type\":\"Article\",\"@id\":\"https:\\\/\\\/www.vidum.cz\\\/index.php\\\/blog-with-image\\\/#article\",\"isPartOf\":{\"@id\":\"https:\\\/\\\/www.vidum.cz\\\/index.php\\\/blog-with-image\\\/\"},\"author\":{\"name\":\"vidum\",\"@id\":\"https:\\\/\\\/www.vidum.cz\\\/#\\\/schema\\\/person\\\/8901cb96454b4eadd34e3b27bbc92531\"},\"headline\":\"Optika Roku 2014\",\"datePublished\":\"2014-10-03T19:59:44+00:00\",\"dateModified\":\"2018-06-15T08:06:34+00:00\",\"mainEntityOfPage\":{\"@id\":\"https:\\\/\\\/www.vidum.cz\\\/index.php\\\/blog-with-image\\\/\"},\"wordCount\":163,\"commentCount\":0,\"image\":{\"@id\":\"https:\\\/\\\/www.vidum.cz\\\/index.php\\\/blog-with-image\\\/#primaryimage\"},\"thumbnailUrl\":\"https:\\\/\\\/www.vidum.cz\\\/wp-content\\\/uploads\\\/2014\\\/09\\\/img00041.jpg\",\"articleSection\":[\"novinky\"],\"inLanguage\":\"cs\"},{\"@type\":\"WebPage\",\"@id\":\"https:\\\/\\\/www.vidum.cz\\\/index.php\\\/blog-with-image\\\/\",\"url\":\"https:\\\/\\\/www.vidum.cz\\\/index.php\\\/blog-with-image\\\/\",\"name\":\"Optika Roku 2014 | O\u010dn\u00ed Centrum Vidum, Opava\",\"isPartOf\":{\"@id\":\"https:\\\/\\\/www.vidum.cz\\\/#website\"},\"primaryImageOfPage\":{\"@id\":\"https:\\\/\\\/www.vidum.cz\\\/index.php\\\/blog-with-image\\\/#primaryimage\"},\"image\":{\"@id\":\"https:\\\/\\\/www.vidum.cz\\\/index.php\\\/blog-with-image\\\/#primaryimage\"},\"thumbnailUrl\":\"https:\\\/\\\/www.vidum.cz\\\/wp-content\\\/uploads\\\/2014\\\/09\\\/img00041.jpg\",\"datePublished\":\"2014-10-03T19:59:44+00:00\",\"dateModified\":\"2018-06-15T08:06:34+00:00\",\"author\":{\"@id\":\"https:\\\/\\\/www.vidum.cz\\\/#\\\/schema\\\/person\\\/8901cb96454b4eadd34e3b27bbc92531\"},\"description\":\"D\u00edky hlasov\u00e1n\u00ed na\u0161ich spokojen\u00fdch z\u00e1kazn\u00edk\u016f v celorepublikov\u00e9 anket\u011b jsme z\u00edskali ocen\u011bn\u00ed OPTIKA ROKU 2014. P\u0159e\u010dt\u011bte si v\u00edce na na\u0161ich str\u00e1nk\u00e1ch.\",\"breadcrumb\":{\"@id\":\"https:\\\/\\\/www.vidum.cz\\\/index.php\\\/blog-with-image\\\/#breadcrumb\"},\"inLanguage\":\"cs\",\"potentialAction\":[{\"@type\":\"ReadAction\",\"target\":[\"https:\\\/\\\/www.vidum.cz\\\/index.php\\\/blog-with-image\\\/\"]}]},{\"@type\":\"ImageObject\",\"inLanguage\":\"cs\",\"@id\":\"https:\\\/\\\/www.vidum.cz\\\/index.php\\\/blog-with-image\\\/#primaryimage\",\"url\":\"https:\\\/\\\/www.vidum.cz\\\/wp-content\\\/uploads\\\/2014\\\/09\\\/img00041.jpg\",\"contentUrl\":\"https:\\\/\\\/www.vidum.cz\\\/wp-content\\\/uploads\\\/2014\\\/09\\\/img00041.jpg\",\"width\":800,\"height\":534},{\"@type\":\"BreadcrumbList\",\"@id\":\"https:\\\/\\\/www.vidum.cz\\\/index.php\\\/blog-with-image\\\/#breadcrumb\",\"itemListElement\":[{\"@type\":\"ListItem\",\"position\":1,\"name\":\"Dom\u016f\",\"item\":\"https:\\\/\\\/www.vidum.cz\\\/\"},{\"@type\":\"ListItem\",\"position\":2,\"name\":\"Optika Roku 2014\"}]},{\"@type\":\"WebSite\",\"@id\":\"https:\\\/\\\/www.vidum.cz\\\/#website\",\"url\":\"https:\\\/\\\/www.vidum.cz\\\/\",\"name\":\"Vidum\",\"description\":\"O\u010dn\u00ed centrum Vidum\",\"potentialAction\":[{\"@type\":\"SearchAction\",\"target\":{\"@type\":\"EntryPoint\",\"urlTemplate\":\"https:\\\/\\\/www.vidum.cz\\\/?s={search_term_string}\"},\"query-input\":{\"@type\":\"PropertyValueSpecification\",\"valueRequired\":true,\"valueName\":\"search_term_string\"}}],\"inLanguage\":\"cs\"},{\"@type\":\"Person\",\"@id\":\"https:\\\/\\\/www.vidum.cz\\\/#\\\/schema\\\/person\\\/8901cb96454b4eadd34e3b27bbc92531\",\"name\":\"vidum\",\"image\":{\"@type\":\"ImageObject\",\"inLanguage\":\"cs\",\"@id\":\"https:\\\/\\\/secure.gravatar.com\\\/avatar\\\/912a82fff0e5e533056e2eb15581c261dbd9052d537e28771245cf162b9cdb88?s=96&d=mm&r=g\",\"url\":\"https:\\\/\\\/secure.gravatar.com\\\/avatar\\\/912a82fff0e5e533056e2eb15581c261dbd9052d537e28771245cf162b9cdb88?s=96&d=mm&r=g\",\"contentUrl\":\"https:\\\/\\\/secure.gravatar.com\\\/avatar\\\/912a82fff0e5e533056e2eb15581c261dbd9052d537e28771245cf162b9cdb88?s=96&d=mm&r=g\",\"caption\":\"vidum\"},\"url\":\"https:\\\/\\\/www.vidum.cz\\\/index.php\\\/author\\\/test\\\/\"}]}<\/script>\n<!-- \/ Yoast SEO plugin. -->","yoast_head_json":{"title":"Optika Roku 2014 | O\u010dn\u00ed Centrum Vidum, Opava","description":"D\u00edky hlasov\u00e1n\u00ed na\u0161ich spokojen\u00fdch z\u00e1kazn\u00edk\u016f v celorepublikov\u00e9 anket\u011b jsme z\u00edskali ocen\u011bn\u00ed OPTIKA ROKU 2014. P\u0159e\u010dt\u011bte si v\u00edce na na\u0161ich str\u00e1nk\u00e1ch.","robots":{"index":"index","follow":"follow","max-snippet":"max-snippet:-1","max-image-preview":"max-image-preview:large","max-video-preview":"max-video-preview:-1"},"canonical":"https:\/\/www.vidum.cz\/index.php\/blog-with-image\/","og_locale":"cs_CZ","og_type":"article","og_title":"Optika Roku 2014 | O\u010dn\u00ed Centrum Vidum, Opava","og_description":"D\u00edky hlasov\u00e1n\u00ed na\u0161ich spokojen\u00fdch z\u00e1kazn\u00edk\u016f v celorepublikov\u00e9 anket\u011b jsme z\u00edskali ocen\u011bn\u00ed OPTIKA ROKU 2014. P\u0159e\u010dt\u011bte si v\u00edce na na\u0161ich str\u00e1nk\u00e1ch.","og_url":"https:\/\/www.vidum.cz\/index.php\/blog-with-image\/","og_site_name":"Vidum","article_published_time":"2014-10-03T19:59:44+00:00","article_modified_time":"2018-06-15T08:06:34+00:00","og_image":[{"width":800,"height":534,"url":"https:\/\/www.vidum.cz\/wp-content\/uploads\/2014\/09\/img00041.jpg","type":"image\/jpeg"}],"author":"vidum","twitter_misc":{"Napsal(a)":"vidum","Odhadovan\u00e1 doba \u010dten\u00ed":"1 minuta"},"schema":{"@context":"https:\/\/schema.org","@graph":[{"@type":"Article","@id":"https:\/\/www.vidum.cz\/index.php\/blog-with-image\/#article","isPartOf":{"@id":"https:\/\/www.vidum.cz\/index.php\/blog-with-image\/"},"author":{"name":"vidum","@id":"https:\/\/www.vidum.cz\/#\/schema\/person\/8901cb96454b4eadd34e3b27bbc92531"},"headline":"Optika Roku 2014","datePublished":"2014-10-03T19:59:44+00:00","dateModified":"2018-06-15T08:06:34+00:00","mainEntityOfPage":{"@id":"https:\/\/www.vidum.cz\/index.php\/blog-with-image\/"},"wordCount":163,"commentCount":0,"image":{"@id":"https:\/\/www.vidum.cz\/index.php\/blog-with-image\/#primaryimage"},"thumbnailUrl":"https:\/\/www.vidum.cz\/wp-content\/uploads\/2014\/09\/img00041.jpg","articleSection":["novinky"],"inLanguage":"cs"},{"@type":"WebPage","@id":"https:\/\/www.vidum.cz\/index.php\/blog-with-image\/","url":"https:\/\/www.vidum.cz\/index.php\/blog-with-image\/","name":"Optika Roku 2014 | O\u010dn\u00ed Centrum Vidum, Opava","isPartOf":{"@id":"https:\/\/www.vidum.cz\/#website"},"primaryImageOfPage":{"@id":"https:\/\/www.vidum.cz\/index.php\/blog-with-image\/#primaryimage"},"image":{"@id":"https:\/\/www.vidum.cz\/index.php\/blog-with-image\/#primaryimage"},"thumbnailUrl":"https:\/\/www.vidum.cz\/wp-content\/uploads\/2014\/09\/img00041.jpg","datePublished":"2014-10-03T19:59:44+00:00","dateModified":"2018-06-15T08:06:34+00:00","author":{"@id":"https:\/\/www.vidum.cz\/#\/schema\/person\/8901cb96454b4eadd34e3b27bbc92531"},"description":"D\u00edky hlasov\u00e1n\u00ed na\u0161ich spokojen\u00fdch z\u00e1kazn\u00edk\u016f v celorepublikov\u00e9 anket\u011b jsme z\u00edskali ocen\u011bn\u00ed OPTIKA ROKU 2014. P\u0159e\u010dt\u011bte si v\u00edce na na\u0161ich str\u00e1nk\u00e1ch.","breadcrumb":{"@id":"https:\/\/www.vidum.cz\/index.php\/blog-with-image\/#breadcrumb"},"inLanguage":"cs","potentialAction":[{"@type":"ReadAction","target":["https:\/\/www.vidum.cz\/index.php\/blog-with-image\/"]}]},{"@type":"ImageObject","inLanguage":"cs","@id":"https:\/\/www.vidum.cz\/index.php\/blog-with-image\/#primaryimage","url":"https:\/\/www.vidum.cz\/wp-content\/uploads\/2014\/09\/img00041.jpg","contentUrl":"https:\/\/www.vidum.cz\/wp-content\/uploads\/2014\/09\/img00041.jpg","width":800,"height":534},{"@type":"BreadcrumbList","@id":"https:\/\/www.vidum.cz\/index.php\/blog-with-image\/#breadcrumb","itemListElement":[{"@type":"ListItem","position":1,"name":"Dom\u016f","item":"https:\/\/www.vidum.cz\/"},{"@type":"ListItem","position":2,"name":"Optika Roku 2014"}]},{"@type":"WebSite","@id":"https:\/\/www.vidum.cz\/#website","url":"https:\/\/www.vidum.cz\/","name":"Vidum","description":"O\u010dn\u00ed centrum Vidum","potentialAction":[{"@type":"SearchAction","target":{"@type":"EntryPoint","urlTemplate":"https:\/\/www.vidum.cz\/?s={search_term_string}"},"query-input":{"@type":"PropertyValueSpecification","valueRequired":true,"valueName":"search_term_string"}}],"inLanguage":"cs"},{"@type":"Person","@id":"https:\/\/www.vidum.cz\/#\/schema\/person\/8901cb96454b4eadd34e3b27bbc92531","name":"vidum","image":{"@type":"ImageObject","inLanguage":"cs","@id":"https:\/\/secure.gravatar.com\/avatar\/912a82fff0e5e533056e2eb15581c261dbd9052d537e28771245cf162b9cdb88?s=96&d=mm&r=g","url":"https:\/\/secure.gravatar.com\/avatar\/912a82fff0e5e533056e2eb15581c261dbd9052d537e28771245cf162b9cdb88?s=96&d=mm&r=g","contentUrl":"https:\/\/secure.gravatar.com\/avatar\/912a82fff0e5e533056e2eb15581c261dbd9052d537e28771245cf162b9cdb88?s=96&d=mm&r=g","caption":"vidum"},"url":"https:\/\/www.vidum.cz\/index.php\/author\/test\/"}]}},"_links":{"self":[{"href":"https:\/\/www.vidum.cz\/index.php\/wp-json\/wp\/v2\/posts\/18","targetHints":{"allow":["GET"]}}],"collection":[{"href":"https:\/\/www.vidum.cz\/index.php\/wp-json\/wp\/v2\/posts"}],"about":[{"href":"https:\/\/www.vidum.cz\/index.php\/wp-json\/wp\/v2\/types\/post"}],"author":[{"embeddable":true,"href":"https:\/\/www.vidum.cz\/index.php\/wp-json\/wp\/v2\/users\/1"}],"replies":[{"embeddable":true,"href":"https:\/\/www.vidum.cz\/index.php\/wp-json\/wp\/v2\/comments?post=18"}],"version-history":[{"count":13,"href":"https:\/\/www.vidum.cz\/index.php\/wp-json\/wp\/v2\/posts\/18\/revisions"}],"predecessor-version":[{"id":974,"href":"https:\/\/www.vidum.cz\/index.php\/wp-json\/wp\/v2\/posts\/18\/revisions\/974"}],"wp:featuredmedia":[{"embeddable":true,"href":"https:\/\/www.vidum.cz\/index.php\/wp-json\/wp\/v2\/media\/152"}],"wp:attachment":[{"href":"https:\/\/www.vidum.cz\/index.php\/wp-json\/wp\/v2\/media?parent=18"}],"wp:term":[{"taxonomy":"category","embeddable":true,"href":"https:\/\/www.vidum.cz\/index.php\/wp-json\/wp\/v2\/categories?post=18"},{"taxonomy":"post_tag","embeddable":true,"href":"https:\/\/www.vidum.cz\/index.php\/wp-json\/wp\/v2\/tags?post=18"}],"curies":[{"name":"wp","href":"https:\/\/api.w.org\/{rel}","templated":true}]}}